{"id":1441,"date":"2023-05-19T14:22:48","date_gmt":"2023-05-19T14:22:48","guid":{"rendered":"https:\/\/www.casamuseoremobrindisi.it\/?p=1441"},"modified":"2023-05-19T14:22:49","modified_gmt":"2023-05-19T14:22:49","slug":"arturo-martini","status":"publish","type":"post","link":"https:\/\/www.casamuseoremobrindisi.it\/en\/arturo-martini\/","title":{"rendered":"Arturo Martini"},"content":{"rendered":"<p class=\"wp-block-paragraph\"><strong>DI CHI SI TRATTA<\/strong><br>Arturo Martini \u00e8 una figura dominante nella scultura tra le due guerre. Entra a far parte del gruppo formatosi intorno alla rivista \u00abValori plastici\u00bb, fondata nel 1918, che si proponeva un richiamo all&#8217;antico ispirato all&#8217;arte del Trecento e del primo Rinascimento. <\/p>\n\n\n\n<p class=\"wp-block-paragraph\">Nato a Treviso nel 1889, frequenta lo studio dello scultore conterraneo Carlini. Frequenta a Faenza la scuola della ceramica e studia scultura a Treviso. A Monaco, nel 1910, entra in contatto con artisti, pittori e scultori, del gruppo \u00ab<em>Die Br\u00fccke<\/em>\u00bb (il Ponte). Ma \u00e8 Carlo Carr\u00e0 ad esercitare su Martini un forte ascendente che lo porta verso l&#8217;essenzialit\u00e0 e d una estrema semplificazione nel modellato. Arturo Martini \u00e8 stato anche un grande sperimentatore, animato da una continua ansia di ricerca, tecnica e formale.<\/p>\n\n\n\n<p class=\"wp-block-paragraph\"><br><br><strong>MARTINI ALLA CASA MUSEO REMO BRINDISI<\/strong><br><\/p>\n\n\n\n<p class=\"wp-block-paragraph\">L&#8217;opera della Casa Museo Brindisi \u00e8 una versione in cemento della &#8220;Donna al sole&#8221; realizzata da Martini nel 1930 in terracotta refrattaria, con il titolo &#8220;Nudo al sole&#8221;. E&#8217; stata esposta nel 1931 alla I Quadriennale d\u2019Arte Nazionale di Roma.<\/p>\n\n\n\n<p class=\"wp-block-paragraph\">Tra le grandi terrecotte di Martini \u00e8 l\u2019unica progettata in modo da poter essere riprodotta in altri materiali. Infatti \u00e8 stata foggiata in argilla piena e da questo primo modello \u00e8 stato tratto uno stampo in gesso e un positivo, sempre in gesso. Poi \u00e8 stata tradotta in bronzo e in cemento, oltre che in pietra.<\/p>\n\n\n\n<p class=\"wp-block-paragraph\">Fin dalla sua esposizione l&#8217;opera ha ottenuto un notevole successo.<br>Il prototipo in terracotta si presenta come un esempio di naturalismo trasfigurato in una forma-colore quale non si era ancora visto nella scultura italiana moderna. L\u2019articolazione delle membra in posizioni asimmetriche come fossero state slogate e pensate in controcanto in una linea serpentinata, mentre conferisce naturalezza alla posa statica ma improbabile, accentua l\u2019impressione dell\u2019attimo felice colto al volo da un osservatore non visto.<\/p>\n\n\n\n<p class=\"wp-block-paragraph\">Due versioni di quest&#8217;opera sono confluite nelle principali collezioni private dell\u2019epoca: quella di Alessandro Contini Bonacossi di Firenze (terracotta) e in quella dei coniugi Ottolenghi-Wedekind di Acqui Terme (gesso).<\/p>\n\n\n\n<p class=\"wp-block-paragraph\">Notizie tratte dalla mostra &#8220;Arturo Martini. I capolavori&#8221; aperta al Museo Bailo di Treviso dal 1 aprile al 30 luglio 2023, in cui \u00e8 esposta anche l&#8217;opera della Casa Museo Remo Brindisi.<\/p>","protected":false},"excerpt":{"rendered":"<p>Arturo Martini \u00e8 una figura dominante nella scultura tra le due guerre. Entra a far parte del gruppo formatosi intorno alla rivista \u00abValori plastici\u00bb, fondata nel 1918.<\/p>","protected":false},"author":2,"featured_media":1442,"comment_status":"closed","ping_status":"closed","sticky":false,"template":"","format":"standard","meta":{"_acf_changed":false,"site-sidebar-layout":"default","site-content-layout":"","ast-site-content-layout":"default","site-content-style":"default","site-sidebar-style":"default","ast-global-header-display":"","ast-banner-title-visibility":"","ast-main-header-display":"","ast-hfb-above-header-display":"","ast-hfb-below-header-display":"","ast-hfb-mobile-header-display":"","site-post-title":"","ast-breadcrumbs-content":"","ast-featured-img":"","footer-sml-layout":"","ast-disable-related-posts":"","theme-transparent-header-meta":"","adv-header-id-meta":"","stick-header-meta":"","header-above-stick-meta":"","header-main-stick-meta":"","header-below-stick-meta":"","astra-migrate-meta-layouts":"default","ast-page-background-enabled":"default","ast-page-background-meta":{"desktop":{"background-color":"","background-image":"","background-repeat":"repeat","background-position":"center center","background-size":"auto","background-attachment":"scroll","background-type":"","background-media":"","overlay-type":"","overlay-color":"","overlay-opacity":"","overlay-gradient":""},"tablet":{"background-color":"","background-image":"","background-repeat":"repeat","background-position":"center center","background-size":"auto","background-attachment":"scroll","background-type":"","background-media":"","overlay-type":"","overlay-color":"","overlay-opacity":"","overlay-gradient":""},"mobile":{"background-color":"","background-image":"","background-repeat":"repeat","background-position":"center center","background-size":"auto","background-attachment":"scroll","background-type":"","background-media":"","overlay-type":"","overlay-color":"","overlay-opacity":"","overlay-gradient":""}},"ast-content-background-meta":{"desktop":{"background-color":"var(--ast-global-color-5)","background-image":"","background-repeat":"repeat","background-position":"center center","background-size":"auto","background-attachment":"scroll","background-type":"","background-media":"","overlay-type":"","overlay-color":"","overlay-opacity":"","overlay-gradient":""},"tablet":{"background-color":"var(--ast-global-color-5)","background-image":"","background-repeat":"repeat","background-position":"center center","background-size":"auto","background-attachment":"scroll","background-type":"","background-media":"","overlay-type":"","overlay-color":"","overlay-opacity":"","overlay-gradient":""},"mobile":{"background-color":"var(--ast-global-color-5)","background-image":"","background-repeat":"repeat","background-position":"center center","background-size":"auto","background-attachment":"scroll","background-type":"","background-media":"","overlay-type":"","overlay-color":"","overlay-opacity":"","overlay-gradient":""}},"footnotes":""},"categories":[9],"tags":[],"class_list":["post-1441","post","type-post","status-publish","format-standard","has-post-thumbnail","hentry","category-focus"],"acf":[],"yoast_head":"<!-- This site is optimized with the Yoast SEO plugin v28.3 - https:\/\/yoast.com\/product\/yoast-seo-wordpress\/ -->\n<title>Arturo Martini - Casa Museo Remo Brindisi<\/title>\n<meta name=\"robots\" content=\"index, follow, max-snippet:-1, max-image-preview:large, max-video-preview:-1\" \/>\n<link rel=\"canonical\" href=\"https:\/\/www.casamuseoremobrindisi.it\/en\/arturo-martini\/\" \/>\n<meta property=\"og:locale\" content=\"en_GB\" \/>\n<meta property=\"og:type\" content=\"article\" \/>\n<meta property=\"og:title\" content=\"Arturo Martini - Casa Museo Remo Brindisi\" \/>\n<meta property=\"og:description\" content=\"Arturo Martini \u00e8 una figura dominante nella scultura tra le due guerre. Entra a far parte del gruppo formatosi intorno alla rivista \u00abValori plastici\u00bb, fondata nel 1918.\" \/>\n<meta property=\"og:url\" content=\"https:\/\/www.casamuseoremobrindisi.it\/en\/arturo-martini\/\" \/>\n<meta property=\"og:site_name\" content=\"Casa Museo Remo Brindisi\" \/>\n<meta property=\"article:published_time\" content=\"2023-05-19T14:22:48+00:00\" \/>\n<meta property=\"article:modified_time\" content=\"2023-05-19T14:22:49+00:00\" \/>\n<meta property=\"og:image\" content=\"https:\/\/www.casamuseoremobrindisi.it\/wp-content\/uploads\/2023\/05\/ritratto-di-Arturo-Martini-1.jpg\" \/>\n\t<meta property=\"og:image:width\" content=\"1390\" \/>\n\t<meta property=\"og:image:height\" content=\"719\" \/>\n\t<meta property=\"og:image:type\" content=\"image\/jpeg\" \/>\n<meta name=\"author\" content=\"Nicola Nottoli\" \/>\n<meta name=\"twitter:card\" content=\"summary_large_image\" \/>\n<meta name=\"twitter:label1\" content=\"Written by\" \/>\n\t<meta name=\"twitter:data1\" content=\"Nicola Nottoli\" \/>\n\t<meta name=\"twitter:label2\" content=\"Estimated reading time\" \/>\n\t<meta name=\"twitter:data2\" content=\"2 minutes\" \/>\n<script type=\"application\/ld+json\" class=\"yoast-schema-graph\">{\"@context\":\"https:\\\/\\\/schema.org\",\"@graph\":[{\"@type\":\"Article\",\"@id\":\"https:\\\/\\\/www.casamuseoremobrindisi.it\\\/arturo-martini\\\/#article\",\"isPartOf\":{\"@id\":\"https:\\\/\\\/www.casamuseoremobrindisi.it\\\/arturo-martini\\\/\"},\"author\":{\"name\":\"Nicola Nottoli\",\"@id\":\"https:\\\/\\\/www.casamuseoremobrindisi.it\\\/#\\\/schema\\\/person\\\/a05faf8f5b1ce58cc636dab3f47e1fa4\"},\"headline\":\"Arturo Martini\",\"datePublished\":\"2023-05-19T14:22:48+00:00\",\"dateModified\":\"2023-05-19T14:22:49+00:00\",\"mainEntityOfPage\":{\"@id\":\"https:\\\/\\\/www.casamuseoremobrindisi.it\\\/arturo-martini\\\/\"},\"wordCount\":363,\"publisher\":{\"@id\":\"https:\\\/\\\/www.casamuseoremobrindisi.it\\\/#organization\"},\"image\":{\"@id\":\"https:\\\/\\\/www.casamuseoremobrindisi.it\\\/arturo-martini\\\/#primaryimage\"},\"thumbnailUrl\":\"https:\\\/\\\/www.casamuseoremobrindisi.it\\\/wp-content\\\/uploads\\\/2023\\\/05\\\/ritratto-di-Arturo-Martini-1.jpg\",\"articleSection\":[\"Focus: artisti che puoi trovare nel Museo\"],\"inLanguage\":\"en-GB\"},{\"@type\":\"WebPage\",\"@id\":\"https:\\\/\\\/www.casamuseoremobrindisi.it\\\/arturo-martini\\\/\",\"url\":\"https:\\\/\\\/www.casamuseoremobrindisi.it\\\/arturo-martini\\\/\",\"name\":\"Arturo Martini - Casa Museo Remo Brindisi\",\"isPartOf\":{\"@id\":\"https:\\\/\\\/www.casamuseoremobrindisi.it\\\/#website\"},\"primaryImageOfPage\":{\"@id\":\"https:\\\/\\\/www.casamuseoremobrindisi.it\\\/arturo-martini\\\/#primaryimage\"},\"image\":{\"@id\":\"https:\\\/\\\/www.casamuseoremobrindisi.it\\\/arturo-martini\\\/#primaryimage\"},\"thumbnailUrl\":\"https:\\\/\\\/www.casamuseoremobrindisi.it\\\/wp-content\\\/uploads\\\/2023\\\/05\\\/ritratto-di-Arturo-Martini-1.jpg\",\"datePublished\":\"2023-05-19T14:22:48+00:00\",\"dateModified\":\"2023-05-19T14:22:49+00:00\",\"breadcrumb\":{\"@id\":\"https:\\\/\\\/www.casamuseoremobrindisi.it\\\/arturo-martini\\\/#breadcrumb\"},\"inLanguage\":\"en-GB\",\"potentialAction\":[{\"@type\":\"ReadAction\",\"target\":[\"https:\\\/\\\/www.casamuseoremobrindisi.it\\\/arturo-martini\\\/\"]}]},{\"@type\":\"ImageObject\",\"inLanguage\":\"en-GB\",\"@id\":\"https:\\\/\\\/www.casamuseoremobrindisi.it\\\/arturo-martini\\\/#primaryimage\",\"url\":\"https:\\\/\\\/www.casamuseoremobrindisi.it\\\/wp-content\\\/uploads\\\/2023\\\/05\\\/ritratto-di-Arturo-Martini-1.jpg\",\"contentUrl\":\"https:\\\/\\\/www.casamuseoremobrindisi.it\\\/wp-content\\\/uploads\\\/2023\\\/05\\\/ritratto-di-Arturo-Martini-1.jpg\",\"width\":1390,\"height\":719},{\"@type\":\"BreadcrumbList\",\"@id\":\"https:\\\/\\\/www.casamuseoremobrindisi.it\\\/arturo-martini\\\/#breadcrumb\",\"itemListElement\":[{\"@type\":\"ListItem\",\"position\":1,\"name\":\"Home\",\"item\":\"https:\\\/\\\/www.casamuseoremobrindisi.it\\\/\"},{\"@type\":\"ListItem\",\"position\":2,\"name\":\"Arturo Martini\"}]},{\"@type\":\"WebSite\",\"@id\":\"https:\\\/\\\/www.casamuseoremobrindisi.it\\\/#website\",\"url\":\"https:\\\/\\\/www.casamuseoremobrindisi.it\\\/\",\"name\":\"Casa Museo Remo Brindisi\",\"description\":\"Libero orientamento di pittura in apertura con tutti i liberi orientamenti dello spirito  Una casa museo manifesto dell&#039;integrazione delle arti  voluta dal pittore Remo Brindisi per ospitare la sua collezione  di opere moderne e contemporanee \u200b\",\"publisher\":{\"@id\":\"https:\\\/\\\/www.casamuseoremobrindisi.it\\\/#organization\"},\"potentialAction\":[{\"@type\":\"SearchAction\",\"target\":{\"@type\":\"EntryPoint\",\"urlTemplate\":\"https:\\\/\\\/www.casamuseoremobrindisi.it\\\/?s={search_term_string}\"},\"query-input\":{\"@type\":\"PropertyValueSpecification\",\"valueRequired\":true,\"valueName\":\"search_term_string\"}}],\"inLanguage\":\"en-GB\"},{\"@type\":\"Organization\",\"@id\":\"https:\\\/\\\/www.casamuseoremobrindisi.it\\\/#organization\",\"name\":\"Casa Museo Remo Brindisi\",\"url\":\"https:\\\/\\\/www.casamuseoremobrindisi.it\\\/\",\"logo\":{\"@type\":\"ImageObject\",\"inLanguage\":\"en-GB\",\"@id\":\"https:\\\/\\\/www.casamuseoremobrindisi.it\\\/#\\\/schema\\\/logo\\\/image\\\/\",\"url\":\"https:\\\/\\\/www.casamuseoremobrindisi.it\\\/wp-content\\\/uploads\\\/2022\\\/10\\\/REMOBRINDISI_COMING_SOON_logo.png\",\"contentUrl\":\"https:\\\/\\\/www.casamuseoremobrindisi.it\\\/wp-content\\\/uploads\\\/2022\\\/10\\\/REMOBRINDISI_COMING_SOON_logo.png\",\"width\":1102,\"height\":734,\"caption\":\"Casa Museo Remo Brindisi\"},\"image\":{\"@id\":\"https:\\\/\\\/www.casamuseoremobrindisi.it\\\/#\\\/schema\\\/logo\\\/image\\\/\"}},{\"@type\":\"Person\",\"@id\":\"https:\\\/\\\/www.casamuseoremobrindisi.it\\\/#\\\/schema\\\/person\\\/a05faf8f5b1ce58cc636dab3f47e1fa4\",\"name\":\"Nicola Nottoli\",\"image\":{\"@type\":\"ImageObject\",\"inLanguage\":\"en-GB\",\"@id\":\"https:\\\/\\\/secure.gravatar.com\\\/avatar\\\/5804aae0ee8d714332dc0816b19fc8d6911c04a94fc7ef99522a5260da169eac?s=96&d=mm&r=g\",\"url\":\"https:\\\/\\\/secure.gravatar.com\\\/avatar\\\/5804aae0ee8d714332dc0816b19fc8d6911c04a94fc7ef99522a5260da169eac?s=96&d=mm&r=g\",\"contentUrl\":\"https:\\\/\\\/secure.gravatar.com\\\/avatar\\\/5804aae0ee8d714332dc0816b19fc8d6911c04a94fc7ef99522a5260da169eac?s=96&d=mm&r=g\",\"caption\":\"Nicola Nottoli\"},\"url\":\"https:\\\/\\\/www.casamuseoremobrindisi.it\\\/en\\\/author\\\/nicola-nottoli\\\/\"}]}<\/script>\n<!-- \/ Yoast SEO plugin. -->","yoast_head_json":{"title":"Arturo Martini - Casa Museo Remo Brindisi","robots":{"index":"index","follow":"follow","max-snippet":"max-snippet:-1","max-image-preview":"max-image-preview:large","max-video-preview":"max-video-preview:-1"},"canonical":"https:\/\/www.casamuseoremobrindisi.it\/en\/arturo-martini\/","og_locale":"en_GB","og_type":"article","og_title":"Arturo Martini - Casa Museo Remo Brindisi","og_description":"Arturo Martini \u00e8 una figura dominante nella scultura tra le due guerre. Entra a far parte del gruppo formatosi intorno alla rivista \u00abValori plastici\u00bb, fondata nel 1918.","og_url":"https:\/\/www.casamuseoremobrindisi.it\/en\/arturo-martini\/","og_site_name":"Casa Museo Remo Brindisi","article_published_time":"2023-05-19T14:22:48+00:00","article_modified_time":"2023-05-19T14:22:49+00:00","og_image":[{"width":1390,"height":719,"url":"https:\/\/www.casamuseoremobrindisi.it\/wp-content\/uploads\/2023\/05\/ritratto-di-Arturo-Martini-1.jpg","type":"image\/jpeg"}],"author":"Nicola Nottoli","twitter_card":"summary_large_image","twitter_misc":{"Written by":"Nicola Nottoli","Estimated reading time":"2 minutes"},"schema":{"@context":"https:\/\/schema.org","@graph":[{"@type":"Article","@id":"https:\/\/www.casamuseoremobrindisi.it\/arturo-martini\/#article","isPartOf":{"@id":"https:\/\/www.casamuseoremobrindisi.it\/arturo-martini\/"},"author":{"name":"Nicola Nottoli","@id":"https:\/\/www.casamuseoremobrindisi.it\/#\/schema\/person\/a05faf8f5b1ce58cc636dab3f47e1fa4"},"headline":"Arturo Martini","datePublished":"2023-05-19T14:22:48+00:00","dateModified":"2023-05-19T14:22:49+00:00","mainEntityOfPage":{"@id":"https:\/\/www.casamuseoremobrindisi.it\/arturo-martini\/"},"wordCount":363,"publisher":{"@id":"https:\/\/www.casamuseoremobrindisi.it\/#organization"},"image":{"@id":"https:\/\/www.casamuseoremobrindisi.it\/arturo-martini\/#primaryimage"},"thumbnailUrl":"https:\/\/www.casamuseoremobrindisi.it\/wp-content\/uploads\/2023\/05\/ritratto-di-Arturo-Martini-1.jpg","articleSection":["Focus: artisti che puoi trovare nel Museo"],"inLanguage":"en-GB"},{"@type":"WebPage","@id":"https:\/\/www.casamuseoremobrindisi.it\/arturo-martini\/","url":"https:\/\/www.casamuseoremobrindisi.it\/arturo-martini\/","name":"Arturo Martini - Casa Museo Remo Brindisi","isPartOf":{"@id":"https:\/\/www.casamuseoremobrindisi.it\/#website"},"primaryImageOfPage":{"@id":"https:\/\/www.casamuseoremobrindisi.it\/arturo-martini\/#primaryimage"},"image":{"@id":"https:\/\/www.casamuseoremobrindisi.it\/arturo-martini\/#primaryimage"},"thumbnailUrl":"https:\/\/www.casamuseoremobrindisi.it\/wp-content\/uploads\/2023\/05\/ritratto-di-Arturo-Martini-1.jpg","datePublished":"2023-05-19T14:22:48+00:00","dateModified":"2023-05-19T14:22:49+00:00","breadcrumb":{"@id":"https:\/\/www.casamuseoremobrindisi.it\/arturo-martini\/#breadcrumb"},"inLanguage":"en-GB","potentialAction":[{"@type":"ReadAction","target":["https:\/\/www.casamuseoremobrindisi.it\/arturo-martini\/"]}]},{"@type":"ImageObject","inLanguage":"en-GB","@id":"https:\/\/www.casamuseoremobrindisi.it\/arturo-martini\/#primaryimage","url":"https:\/\/www.casamuseoremobrindisi.it\/wp-content\/uploads\/2023\/05\/ritratto-di-Arturo-Martini-1.jpg","contentUrl":"https:\/\/www.casamuseoremobrindisi.it\/wp-content\/uploads\/2023\/05\/ritratto-di-Arturo-Martini-1.jpg","width":1390,"height":719},{"@type":"BreadcrumbList","@id":"https:\/\/www.casamuseoremobrindisi.it\/arturo-martini\/#breadcrumb","itemListElement":[{"@type":"ListItem","position":1,"name":"Home","item":"https:\/\/www.casamuseoremobrindisi.it\/"},{"@type":"ListItem","position":2,"name":"Arturo Martini"}]},{"@type":"WebSite","@id":"https:\/\/www.casamuseoremobrindisi.it\/#website","url":"https:\/\/www.casamuseoremobrindisi.it\/","name":"Casa Museo Remo Brindisi","description":"Libero orientamento di pittura in apertura con tutti i liberi orientamenti dello spirito  Una casa museo manifesto dell&#039;integrazione delle arti  voluta dal pittore Remo Brindisi per ospitare la sua collezione  di opere moderne e contemporanee \u200b","publisher":{"@id":"https:\/\/www.casamuseoremobrindisi.it\/#organization"},"potentialAction":[{"@type":"SearchAction","target":{"@type":"EntryPoint","urlTemplate":"https:\/\/www.casamuseoremobrindisi.it\/?s={search_term_string}"},"query-input":{"@type":"PropertyValueSpecification","valueRequired":true,"valueName":"search_term_string"}}],"inLanguage":"en-GB"},{"@type":"Organization","@id":"https:\/\/www.casamuseoremobrindisi.it\/#organization","name":"Casa Museo Remo Brindisi","url":"https:\/\/www.casamuseoremobrindisi.it\/","logo":{"@type":"ImageObject","inLanguage":"en-GB","@id":"https:\/\/www.casamuseoremobrindisi.it\/#\/schema\/logo\/image\/","url":"https:\/\/www.casamuseoremobrindisi.it\/wp-content\/uploads\/2022\/10\/REMOBRINDISI_COMING_SOON_logo.png","contentUrl":"https:\/\/www.casamuseoremobrindisi.it\/wp-content\/uploads\/2022\/10\/REMOBRINDISI_COMING_SOON_logo.png","width":1102,"height":734,"caption":"Casa Museo Remo Brindisi"},"image":{"@id":"https:\/\/www.casamuseoremobrindisi.it\/#\/schema\/logo\/image\/"}},{"@type":"Person","@id":"https:\/\/www.casamuseoremobrindisi.it\/#\/schema\/person\/a05faf8f5b1ce58cc636dab3f47e1fa4","name":"Nicola Nottoli","image":{"@type":"ImageObject","inLanguage":"en-GB","@id":"https:\/\/secure.gravatar.com\/avatar\/5804aae0ee8d714332dc0816b19fc8d6911c04a94fc7ef99522a5260da169eac?s=96&d=mm&r=g","url":"https:\/\/secure.gravatar.com\/avatar\/5804aae0ee8d714332dc0816b19fc8d6911c04a94fc7ef99522a5260da169eac?s=96&d=mm&r=g","contentUrl":"https:\/\/secure.gravatar.com\/avatar\/5804aae0ee8d714332dc0816b19fc8d6911c04a94fc7ef99522a5260da169eac?s=96&d=mm&r=g","caption":"Nicola Nottoli"},"url":"https:\/\/www.casamuseoremobrindisi.it\/en\/author\/nicola-nottoli\/"}]}},"_links":{"self":[{"href":"https:\/\/www.casamuseoremobrindisi.it\/en\/wp-json\/wp\/v2\/posts\/1441","targetHints":{"allow":["GET"]}}],"collection":[{"href":"https:\/\/www.casamuseoremobrindisi.it\/en\/wp-json\/wp\/v2\/posts"}],"about":[{"href":"https:\/\/www.casamuseoremobrindisi.it\/en\/wp-json\/wp\/v2\/types\/post"}],"author":[{"embeddable":true,"href":"https:\/\/www.casamuseoremobrindisi.it\/en\/wp-json\/wp\/v2\/users\/2"}],"replies":[{"embeddable":true,"href":"https:\/\/www.casamuseoremobrindisi.it\/en\/wp-json\/wp\/v2\/comments?post=1441"}],"version-history":[{"count":2,"href":"https:\/\/www.casamuseoremobrindisi.it\/en\/wp-json\/wp\/v2\/posts\/1441\/revisions"}],"predecessor-version":[{"id":1447,"href":"https:\/\/www.casamuseoremobrindisi.it\/en\/wp-json\/wp\/v2\/posts\/1441\/revisions\/1447"}],"wp:featuredmedia":[{"embeddable":true,"href":"https:\/\/www.casamuseoremobrindisi.it\/en\/wp-json\/wp\/v2\/media\/1442"}],"wp:attachment":[{"href":"https:\/\/www.casamuseoremobrindisi.it\/en\/wp-json\/wp\/v2\/media?parent=1441"}],"wp:term":[{"taxonomy":"category","embeddable":true,"href":"https:\/\/www.casamuseoremobrindisi.it\/en\/wp-json\/wp\/v2\/categories?post=1441"},{"taxonomy":"post_tag","embeddable":true,"href":"https:\/\/www.casamuseoremobrindisi.it\/en\/wp-json\/wp\/v2\/tags?post=1441"}],"curies":[{"name":"wp","href":"https:\/\/api.w.org\/{rel}","templated":true}]}}